{"id":3920,"date":"2024-04-30T12:04:54","date_gmt":"2024-04-30T11:04:54","guid":{"rendered":"https:\/\/mobilise.no\/?p=3920"},"modified":"2024-04-30T13:08:11","modified_gmt":"2024-04-30T12:08:11","slug":"mental-helse-setter-i-gang-med-mobilise-for-a-organisere-sine-frivillige","status":"publish","type":"post","link":"https:\/\/mobilise.no\/sv\/mental-helse-setter-i-gang-med-mobilise-for-a-organisere-sine-frivillige\/","title":{"rendered":"Mental Health b\u00f6rjar med Mobilize f\u00f6r att organisera sina volont\u00e4rer."},"content":{"rendered":"<p>Mental Health v\u00e4xer och driver sitt projekt med \u00f6ppenhet kring psykiska utmaningar och b\u00e4ttre h\u00e4lsotj\u00e4nster p\u00e5 flera arenor. En del av verksamheten inneb\u00e4r arbete frivilliga kan bidra i form av att vara ambassad\u00f6rer f\u00f6r de v\u00e4rderingar organisationen st\u00e5r f\u00f6r. Genom lokallag i byar och t\u00e4torter bedrivs verksamheter d\u00e4r volont\u00e4rer bidrar med uppdrag i lokal- och l\u00e4nsstyrelser, arbetar som brukarombud, undervisning av unga, l\u00e5gtr\u00f6skelpsykologiska tj\u00e4nster f\u00f6r unga och kurser i gymnasieskolan.<\/p>\n\n\n<p><\/p>\n\n\n<p>Tillsammans med Winorg ska Mobilize hj\u00e4lpa Mental H\u00e4lsa att organisera volont\u00e4rarbetet och se till att volont\u00e4rerna har en bra plan f\u00f6r rekrytering, onboarding, kommunikation, arbetsf\u00f6rdelning och kompetenskartl\u00e4ggning.<\/p>","protected":false},"excerpt":{"rendered":"<p>Mental Health v\u00e4xer och driver sitt projekt med \u00f6ppenhet kring psykiska utmaningar och b\u00e4ttre h\u00e4lsotj\u00e4nster p\u00e5 flera arenor.<\/p>","protected":false},"author":9,"featured_media":3921,"comment_status":"closed","ping_status":"closed","sticky":true,"template":"","format":"standard","meta":{"_monsterinsights_skip_tracking":false,"_monsterinsights_sitenote_active":false,"_monsterinsights_sitenote_note":"","_monsterinsights_sitenote_category":0,"footnotes":""},"categories":[74,11,1],"tags":[19,82,29,83,30],"class_list":["post-3920","post","type-post","status-publish","format-standard","has-post-thumbnail","hentry","category-mobilise-forside","category-organisasjoner","category-uncategorized","tag-frivillige","tag-mentalhelse","tag-mobilise","tag-mobilisering","tag-organisering"],"_links":{"self":[{"href":"https:\/\/mobilise.no\/sv\/wp-json\/wp\/v2\/posts\/3920","targetHints":{"allow":["GET"]}}],"collection":[{"href":"https:\/\/mobilise.no\/sv\/wp-json\/wp\/v2\/posts"}],"about":[{"href":"https:\/\/mobilise.no\/sv\/wp-json\/wp\/v2\/types\/post"}],"author":[{"embeddable":true,"href":"https:\/\/mobilise.no\/sv\/wp-json\/wp\/v2\/users\/9"}],"replies":[{"embeddable":true,"href":"https:\/\/mobilise.no\/sv\/wp-json\/wp\/v2\/comments?post=3920"}],"version-history":[{"count":0,"href":"https:\/\/mobilise.no\/sv\/wp-json\/wp\/v2\/posts\/3920\/revisions"}],"wp:featuredmedia":[{"embeddable":true,"href":"https:\/\/mobilise.no\/sv\/wp-json\/wp\/v2\/media\/3921"}],"wp:attachment":[{"href":"https:\/\/mobilise.no\/sv\/wp-json\/wp\/v2\/media?parent=3920"}],"wp:term":[{"taxonomy":"category","embeddable":true,"href":"https:\/\/mobilise.no\/sv\/wp-json\/wp\/v2\/categories?post=3920"},{"taxonomy":"post_tag","embeddable":true,"href":"https:\/\/mobilise.no\/sv\/wp-json\/wp\/v2\/tags?post=3920"}],"curies":[{"name":"wp","href":"https:\/\/api.w.org\/{rel}","templated":true}]}}